{"id":33172,"date":"2024-03-12T17:48:11","date_gmt":"2024-03-12T21:48:11","guid":{"rendered":"http:\/\/www.ea.aw\/pages\/?p=33172"},"modified":"2024-03-15T18:25:14","modified_gmt":"2024-03-15T22:25:14","slug":"minister-di-ensenansa-ta-reuni-cu-simar","status":"publish","type":"post","link":"https:\/\/www.ea.aw\/pages\/minister-di-ensenansa-ta-reuni-cu-simar\/","title":{"rendered":"Minister di Ense\u00f1ansa ta reuni cu SIMAR"},"content":{"rendered":"<p style=\"text-align: left;\">Recientemente Minister di Ense\u00f1ansa (Croes) a reuni cu presidente (Angelique Quijada) y secretario\/vice-presidente (Anthony Figaroa) di Sindicato di Maestro di Aruba (SIMAR).<\/p>\n<p><!--more--><\/p>\n<p>Durante e reunion aki a trata diferente tema di ense\u00f1ansa, entre otro, e comision cu ta atendiendo cu e structura di salario di e docentenan, di cual SIMAR ta forma parti. A intercambia diferente idea y a splica unda nan ta y con lo sigui atende e tema aki.<\/p>\n<p>Tambe Minister Croes a splica SIMAR diferente tema cu actualmente ta atendiendo di e <a href=\"https:\/\/www.ea.aw\/pages\/doorlichting-van-het-arubaanse-onderwijsbestel-doc\/\">&#8220;Doorlichting van het Arubaanse Onderwijsbestel&#8221;<\/a>, entre otro recomendacion 1 y recomendacion 11. A splica den detaye e &#8220;Begunstig Beleid&#8221;, caminda un studiante na Colegio Arubano tin derecho riba AWG 555,- si e ta bin den remarke. Minister Croes a amplia esaki tambe desde e a\u00f1a aki pa otro scolnan secundario. Un alumno por haya te cu AWG 750,- di subsidio, den caso cu e mayornan ta genera AWG 42 mil of menos anualmente. Ademas di esaki, a duna un splicacion amplio di e &#8220;normbedrag&#8221; cu durante 2023-2024 a logra haal in cu 12 a\u00f1a di retraso, unda a aumenta esaki cu AWG 6.4 miyon structuralmente pa tur directiva di scol. E mandatario di Ense\u00f1ansa y directiva di SIMAR a palabra cu lo keda den contacto cu otro pa keda informa di e desaroyonan den ense\u00f1ansa di Aruba.<\/p>\n<hr \/>\n<h3><span style=\"color: #333333;\">Fuente<\/span><\/h3>\n<ul>\n<li><a href=\"https:\/\/issuu.com\/gabinetewevercroesaruba\/docs\/12_6c45768e9cf3db?fr=sNmI2MzYzNjI4OTI\" target=\"_blank\" rel=\"noopener noreferrer\">Isla Online 12 di maart 2024<\/a><\/li>\n<\/ul>\n<hr \/>\n<h3><span style=\"color: #333333;\">Info \/ Contact<\/span><\/h3>\n<ul>\n<li><a href=\"https:\/\/www.ea.aw\/pages\/contact\/ministerio-di-ensenansa\/\">Ministerio di Ense\u00f1ansa<\/a><\/li>\n<\/ul>\n","protected":false},"excerpt":{"rendered":"<p>Recientemente Minister di Ense\u00f1ansa (Croes) a reuni cu presidente (Angelique Quijada) y secretario\/vice-presidente (Anthony Figaroa) di Sindicato di Maestro di Aruba (SIMAR).<\/p>\n","protected":false},"author":2,"featured_media":0,"comment_status":"closed","ping_status":"closed","sticky":false,"template":"","format":"standard","meta":{"footnotes":""},"categories":[2],"tags":[288,249,248,177],"class_list":["post-33172","post","type-post","status-publish","format-standard","hentry","category-news","tag-islaonline","tag-minond","tag-minos","tag-skoa"],"_links":{"self":[{"href":"https:\/\/www.ea.aw\/pages\/wp-json\/wp\/v2\/posts\/33172","targetHints":{"allow":["GET"]}}],"collection":[{"href":"https:\/\/www.ea.aw\/pages\/wp-json\/wp\/v2\/posts"}],"about":[{"href":"https:\/\/www.ea.aw\/pages\/wp-json\/wp\/v2\/types\/post"}],"author":[{"embeddable":true,"href":"https:\/\/www.ea.aw\/pages\/wp-json\/wp\/v2\/users\/2"}],"replies":[{"embeddable":true,"href":"https:\/\/www.ea.aw\/pages\/wp-json\/wp\/v2\/comments?post=33172"}],"version-history":[{"count":1,"href":"https:\/\/www.ea.aw\/pages\/wp-json\/wp\/v2\/posts\/33172\/revisions"}],"predecessor-version":[{"id":33173,"href":"https:\/\/www.ea.aw\/pages\/wp-json\/wp\/v2\/posts\/33172\/revisions\/33173"}],"wp:attachment":[{"href":"https:\/\/www.ea.aw\/pages\/wp-json\/wp\/v2\/media?parent=33172"}],"wp:term":[{"taxonomy":"category","embeddable":true,"href":"https:\/\/www.ea.aw\/pages\/wp-json\/wp\/v2\/categories?post=33172"},{"taxonomy":"post_tag","embeddable":true,"href":"https:\/\/www.ea.aw\/pages\/wp-json\/wp\/v2\/tags?post=33172"}],"curies":[{"name":"wp","href":"https:\/\/api.w.org\/{rel}","templated":true}]}}