{"id":29146,"date":"2022-01-20T17:59:36","date_gmt":"2022-01-20T21:59:36","guid":{"rendered":"http:\/\/www.ea.aw\/pages\/?p=29146"},"modified":"2022-01-20T19:28:03","modified_gmt":"2022-01-20T23:28:03","slug":"minister-di-ensenansa-a-presenta-su-vision-y-maneho","status":"publish","type":"post","link":"https:\/\/www.ea.aw\/pages\/minister-di-ensenansa-a-presenta-su-vision-y-maneho\/","title":{"rendered":"Minister di Ense\u00f1ansa a presenta su vision y maneho"},"content":{"rendered":"<p>Recientemente Minister di Ense\u00f1ansa (Croes) a presenta na tur dies directiva di scol &#8220;Ense\u00f1ansa den Transicion&#8221;, su maneho pa ense\u00f1ansa pa e periodo 2021-2025.<\/p>\n<p><!--more--><\/p>\n<p>Presente na e ocasion tabata tur presidente y\/of director hunto cu Departamento di Ense\u00f1ansa Aruba (Directie Onderwijs), Dienst Inspectie van het Onderwijs y Dienst Uitvoering Onderwijssubsidies (DUOS).<\/p>\n<hr \/>\n<p><img loading=\"lazy\" decoding=\"async\" class=\"alignnone wp-image-29149\" src=\"https:\/\/www.ea.aw\/pages\/wp-content\/uploads\/m\/min2021\/minos-2022-01-19-maneho-21-25-ensenansa-den-transicion-1.jpg\" alt=\"\" width=\"745\" height=\"440\" srcset=\"https:\/\/www.ea.aw\/pages\/wp-content\/uploads\/m\/min2021\/minos-2022-01-19-maneho-21-25-ensenansa-den-transicion-1.jpg 1446w, https:\/\/www.ea.aw\/pages\/wp-content\/uploads\/m\/min2021\/minos-2022-01-19-maneho-21-25-ensenansa-den-transicion-1-768x454.jpg 768w\" sizes=\"auto, (max-width: 745px) 100vw, 745px\" \/><\/p>\n<hr \/>\n<h3><span style=\"color: #333333;\">Ense\u00f1ansa den Transicion<\/span><\/h3>\n<p>E presentacion tabatin como titulo &#8216;Ense\u00f1ansa den Transicion\u2019.\u00a0Minister Croes a duna un presentacion hopi amplio unda a bay un poco den historia desde 1986 unda a bin riba diferente rapport cu a wordo skirbi. Tambe a elabora riba e vision y mision di Minister Croes. A papia di e Plan Educacion Nacional &#8220;PEN 2030&#8221;, SDG 4 cu ta brinda oportunidad pa tur hende tin acceso na ense\u00f1ansa y &#8220;lifelong learing&#8221;.<\/p>\n<p>E prioridadnan ta (1) calidad basico di ense\u00f1ansa, (2) ense\u00f1ansa pa un y tur y (3) desaroyo di competencianan di siglo 21.<\/p>\n<p>Durante e presentacion Minister Croes a papia tambe di e recomendacionnan di e \u2018tussenrapport\u2019 cu ta un \u2018doorlichting\u2019 cu door di e \u2018landspakket\u2019 cu a tuma luga entre Inspectie di Aruba y Inspectie di Hulanda.<\/p>\n<p>Durante e presentacion a elabora riba e cifranan pa cu ense\u00f1ansa, e cantidad di alumnonan y scolnan. E mandatario a pidi cada \u2018stakeholder\u2019 pa carga nan responsabilidad den e proceso, directivanan di scol carga di nan, minister ta carga di dje, Gobierno tambe ta carga di dje, diensten ta carga di nan y hunto nos eleva ense\u00f1ansa cu e cambionan y reformanan cu e \u2018landspakket\u2019 y e rapport final lo brinda.<\/p>\n<p>Nos a plantia un vision y nos a pidi tur e directivanan di scol cu esaki ta un di e plataformanan cu nos ta bay uza. Minister Croes a bisa cu a pidi pa nan contribucion, conseho y comunicacion pa hunto hiba ense\u00f1ansa na un otro nivel. E mandatario a sigui bisa; Nos ta contento con e presentacion a bay. Nos por a sinti un satisafaccion den e sala cu e presentacion cu nos a duna. \u2018Nos ta bay tin un ense\u00f1ansa fuerte pa futuro y asina produciendo tambe bon ciudadano capacita pa nos comunidad cu lo sigui yuda Aruba desaroya tanto den economia y den tur otro sector pa un miho Aruba\u2019, e mandatario a finalisa.<\/p>\n<p>Fuente:<\/p>\n<ul>\n<li><a href=\"https:\/\/www.ea.aw\/pages\/wp-content\/uploads\/m\/min2021\/isla-online-2022-01-19-maneho-ensenansa-2021-2025.pdf\" target=\"_blank\" rel=\"noopener noreferrer\">Isla Online, 19 di januari 2022<\/a><\/li>\n<\/ul>\n<hr \/>\n<h3><span style=\"color: #333333;\">Info \/ Contact<\/span><\/h3>\n<p>Pa mas informacion por busca den e alfabet menu riba homepage:<\/p>\n<ul>\n<li><a href=\"https:\/\/www.ea.aw\/pages\/organisacion\/ministerio-di-ensenansa\/\">[M] Ministerio di Ense\u00f1ansa<\/a><\/li>\n<\/ul>\n<p>Por tuma contacto cu:<\/p>\n<ul>\n<li><a href=\"https:\/\/www.ea.aw\/pages\/contact\/ministerio-di-ensenansa\/\">Ministerio di Ense\u00f1ansa<\/a><\/li>\n<\/ul>\n","protected":false},"excerpt":{"rendered":"<p>Recientemente Minister di Ense\u00f1ansa (Croes) a presenta na tur dies directiva di scol &#8220;Ense\u00f1ansa den Transicion&#8221;, su maneho pa ense\u00f1ansa pa e periodo 2021-2025.<\/p>\n","protected":false},"author":2,"featured_media":0,"comment_status":"closed","ping_status":"closed","sticky":false,"template":"","format":"standard","meta":{"footnotes":""},"categories":[2],"tags":[98,238,239,248],"class_list":["post-29146","post","type-post","status-publish","format-standard","hentry","category-news","tag-dea","tag-dio","tag-duos","tag-minos"],"_links":{"self":[{"href":"https:\/\/www.ea.aw\/pages\/wp-json\/wp\/v2\/posts\/29146","targetHints":{"allow":["GET"]}}],"collection":[{"href":"https:\/\/www.ea.aw\/pages\/wp-json\/wp\/v2\/posts"}],"about":[{"href":"https:\/\/www.ea.aw\/pages\/wp-json\/wp\/v2\/types\/post"}],"author":[{"embeddable":true,"href":"https:\/\/www.ea.aw\/pages\/wp-json\/wp\/v2\/users\/2"}],"replies":[{"embeddable":true,"href":"https:\/\/www.ea.aw\/pages\/wp-json\/wp\/v2\/comments?post=29146"}],"version-history":[{"count":5,"href":"https:\/\/www.ea.aw\/pages\/wp-json\/wp\/v2\/posts\/29146\/revisions"}],"predecessor-version":[{"id":29161,"href":"https:\/\/www.ea.aw\/pages\/wp-json\/wp\/v2\/posts\/29146\/revisions\/29161"}],"wp:attachment":[{"href":"https:\/\/www.ea.aw\/pages\/wp-json\/wp\/v2\/media?parent=29146"}],"wp:term":[{"taxonomy":"category","embeddable":true,"href":"https:\/\/www.ea.aw\/pages\/wp-json\/wp\/v2\/categories?post=29146"},{"taxonomy":"post_tag","embeddable":true,"href":"https:\/\/www.ea.aw\/pages\/wp-json\/wp\/v2\/tags?post=29146"}],"curies":[{"name":"wp","href":"https:\/\/api.w.org\/{rel}","templated":true}]}}