{"id":20014,"date":"2024-11-29T07:35:49","date_gmt":"2024-11-29T11:35:49","guid":{"rendered":"http:\/\/www.ea.aw\/pages\/?p=20014"},"modified":"2026-03-06T16:56:05","modified_gmt":"2026-03-06T20:56:05","slug":"schoolvakanties-pdf","status":"publish","type":"post","link":"https:\/\/www.ea.aw\/pages\/schoolvakanties-pdf\/","title":{"rendered":"Schoolvakanties (doc)"},"content":{"rendered":"<p>Vakantie di scol, ATV-dagen y dianan oficial di fiesta<br \/>\nSchoolvakantie, ATV-dagen en offici\u00eble feestdagen<br \/>\nSchool holidays, National holidays<\/p>\n<p><em>November 2024<\/em><\/p>\n<p><!--more--><\/p>\n<hr \/>\n<h3><span style=\"color: #333333;\">Download Vakantieroosters (pdf)<\/span><\/h3>\n<p>E <em>vakantieroosters<\/em> oficial, incluso e <em>ATV-dagen t.b.v. Onderwijspersoneel<\/em>\u00a0cu ta aproba pa Minister di Ense\u00f1ansa di Aruba, ta keda publica riba website Ense\u00f1ansa Aruba [ea.aw]. Ministerio y Departamento di Ense\u00f1ansa Aruba <strong>no<\/strong> ta responsabel pa fechanan publica riba otro website.<\/p>\n<ul>\n<li>Schoolvakantie &#8211; School holidays 2026 &#8211; 2027<\/li>\n<li><a href=\"https:\/\/www.ea.aw\/pages\/wp-content\/uploads\/v\/vakantie\/2025-2026-vakantierooster-atv-onderwijspersoneel.pdf\" target=\"_blank\" rel=\"noopener noreferrer\">Schoolvakantie &#8211; School holidays 2025 &#8211; 2026<\/a><\/li>\n<li><a href=\"https:\/\/www.ea.aw\/pages\/wp-content\/uploads\/v\/vakantie\/2024-2025-vakantierooster-atv-onderwijspersoneel-correctie.pdf\" target=\"_blank\" rel=\"noopener noreferrer\">Schoolvakantie &#8211; School holidays 2024 &#8211; 2025<\/a><\/li>\n<li><a href=\"https:\/\/www.ea.aw\/pages\/wp-content\/uploads\/v\/vakantie\/2023-2024-vakantierooster-atv-onderwijspersoneel.pdf\" target=\"_blank\" rel=\"noopener noreferrer\">Schoolvakantie &#8211; School holidays 2023 &#8211; 2024<\/a><\/li>\n<li><a href=\"https:\/\/www.ea.aw\/pages\/wp-content\/uploads\/v\/vakantie\/2022-2023-vakantierooster-atv-onderwijspersoneel.pdf\" target=\"_blank\" rel=\"noopener noreferrer\">Schoolvakantie &#8211; School holidays 2022 &#8211; 2023<\/a><\/li>\n<li><a href=\"https:\/\/www.ea.aw\/pages\/wp-content\/uploads\/v\/vakantie\/2021-2022-vakantierooster-atv-onderwijspersoneel.pdf\" target=\"_blank\" rel=\"noopener noreferrer\">Schoolvakantie &#8211; School holidays 2021 &#8211; 2022<\/a><\/li>\n<li><a href=\"https:\/\/www.ea.aw\/pages\/wp-content\/uploads\/v\/vakantie\/2020-2021-vakantierooster-atv-onderwijspersoneel.pdf\" target=\"_blank\" rel=\"noopener noreferrer\">Schoolvakantie &#8211; School holidays 2020 &#8211; 2021<\/a><\/li>\n<li><a href=\"https:\/\/www.ea.aw\/pages\/wp-content\/uploads\/v\/vakantie\/2019-2020-vakantierooster-atv-onderwijspersoneel.pdf\" target=\"_blank\" rel=\"noopener noreferrer\">Schoolvakantie &#8211; School holidays 2019 \u2013 2020<\/a><\/li>\n<li><a href=\"https:\/\/www.ea.aw\/pages\/wp-content\/uploads\/v\/vakantie\/2018-2019-vakantierooster-atv-onderwijspersoneel.pdf\" target=\"_blank\" rel=\"noopener noreferrer\">Schoolvakantie &#8211; School holidays 2018 &#8211; 2019<\/a><\/li>\n<li><a href=\"https:\/\/www.ea.aw\/pages\/wp-content\/uploads\/v\/vakantie\/2017-2018-vakantierooster-atv-onderwijspersoneel.pdf\" target=\"_blank\" rel=\"noopener noreferrer\">Schoolvakantie &#8211; School holidays 2017 &#8211; 2018<\/a><\/li>\n<li><a href=\"https:\/\/www.ea.aw\/pages\/wp-content\/uploads\/v\/vakantie\/2016-2017-vakantierooster-atv-onderwijspersoneel.pdf\" target=\"_blank\" rel=\"noopener noreferrer\">Schoolvakantie &#8211; School holidays 2016 &#8211; 2017<\/a><\/li>\n<\/ul>\n<hr \/>\n<h3><span style=\"color: #333333;\">Mas informacion<\/span><\/h3>\n<p>Bo ta desea mas informacion tocante e procedura pa yega na e vakantierooster, con ta scoge e fechanan y cua instancianan ta envolvi? Por lesa mas aki:<\/p>\n<ul>\n<li><a href=\"https:\/\/www.ea.aw\/pages\/vakantie-di-scol\/\" target=\"_blank\" rel=\"noopener noreferrer\">Vakantie di scol<\/a><\/li>\n<\/ul>\n<hr \/>\n<h3><span style=\"color: #333333;\">Download lista di Dia oficial di fiesta (pdf)<\/span><\/h3>\n<p>E dianan oficial di fiesta ta un publicacion di Departamento di Labor (Directie Arbeid).<\/p>\n<ul>\n<li><a href=\"https:\/\/www.ea.aw\/pages\/wp-content\/uploads\/v\/vakantie\/dianan-di-fiesta-oficial-2026.pdf\" target=\"_blank\" rel=\"noopener noreferrer\">Dianan oficial di fiesta &#8211; offici\u00eble feestdagen &#8211; national holidays 2026<\/a><\/li>\n<li><a href=\"https:\/\/www.ea.aw\/pages\/wp-content\/uploads\/v\/vakantie\/dianan-di-fiesta-oficial-2025.pdf\" target=\"_blank\" rel=\"noopener noreferrer\">Dianan oficial di fiesta &#8211; offici\u00eble feestdagen &#8211; national holidays 2025<\/a><\/li>\n<li><a href=\"https:\/\/www.ea.aw\/pages\/wp-content\/uploads\/v\/vakantie\/dianan-di-fiesta-oficial-2024.pdf\" target=\"_blank\" rel=\"noopener noreferrer\">Dianan oficial di fiesta &#8211; offici\u00eble feestdagen &#8211; national holidays 2024<\/a><\/li>\n<li><a href=\"https:\/\/www.ea.aw\/pages\/wp-content\/uploads\/v\/vakantie\/dianan-di-fiesta-oficial-2023.pdf\" target=\"_blank\" rel=\"noopener noreferrer\">Dianan oficial di fiesta &#8211; offici\u00eble feestdagen &#8211; national holidays 2023<\/a><\/li>\n<li><a href=\"https:\/\/www.ea.aw\/pages\/wp-content\/uploads\/v\/vakantie\/dianan-di-fiesta-oficial-2022.pdf\" target=\"_blank\" rel=\"noopener noreferrer\">Dianan oficial di fiesta &#8211; offici\u00eble feestdagen &#8211; national holidays 2022<\/a><\/li>\n<li><a href=\"https:\/\/www.ea.aw\/pages\/wp-content\/uploads\/v\/vakantie\/dianan-di-fiesta-oficial-2021.pdf\" target=\"_blank\" rel=\"noopener noreferrer\">Dianan oficial di fiesta &#8211; offici\u00eble feestdagen &#8211; national holidays 2021<\/a><\/li>\n<li><a href=\"https:\/\/www.ea.aw\/pages\/wp-content\/uploads\/v\/vakantie\/dianan-di-fiesta-oficial_2020-.pdf\" target=\"_blank\" rel=\"noopener noreferrer\">Dianan oficial di fiesta &#8211; offici\u00eble feestdagen &#8211; national holidays 2020<\/a><\/li>\n<li><a href=\"https:\/\/www.ea.aw\/pages\/wp-content\/uploads\/v\/vakantie\/dianan-di-fiesta-oficial_2019.pdf\" target=\"_blank\" rel=\"noopener noreferrer\">Dianan oficial di fiesta &#8211; offici\u00eble feestdagen &#8211; national holidays 2019<\/a><\/li>\n<li><a href=\"https:\/\/www.ea.aw\/pages\/wp-content\/uploads\/v\/vakantie\/dianan-di-fiesta-oficial_2018.pdf\" target=\"_blank\" rel=\"noopener noreferrer\">Dianan oficial di fiesta &#8211; offici\u00eble feestdagen &#8211; national holidays 2018<\/a><\/li>\n<li><a href=\"https:\/\/www.ea.aw\/pages\/wp-content\/uploads\/v\/vakantie\/dianan-di-fiesta-oficial_2017.pdf\" target=\"_blank\" rel=\"noopener noreferrer\">Dianan oficial di fiesta &#8211; offici\u00eble feestdagen &#8211; national holidays 2017<\/a><\/li>\n<li><a href=\"https:\/\/www.ea.aw\/pages\/wp-content\/uploads\/v\/vakantie\/dianan-di-fiesta-oficial_2016.pdf\" target=\"_blank\" rel=\"noopener noreferrer\">Dianan oficial di fiesta &#8211; offici\u00eble feestdagen &#8211; national holidays 2016<\/a><\/li>\n<\/ul>\n<hr \/>\n<h3><span style=\"color: #333333;\">Download lista di ATV-dagen Ambtenaren en Gelijkgestelden (pdf)<\/span><\/h3>\n<p>E ATV-dagen pa <em>Ambtenaren en Gelijkgestelden<\/em>\u00a0ta keda stipula pa Departamento Recurso Humano (DRH).<\/p>\n<ul>\n<li><a href=\"https:\/\/www.ea.aw\/pages\/wp-content\/uploads\/a\/atv-regeling-2026-Circulaire.pdf\" target=\"_blank\" rel=\"noopener noreferrer\">ATV-dagen voor Ambtenaren en Gelijkgestelden 2026<\/a><\/li>\n<li><a href=\"https:\/\/www.ea.aw\/pages\/wp-content\/uploads\/a\/atv-regeling-2025-Circulaire.pdf\" target=\"_blank\" rel=\"noopener noreferrer\">ATV-dagen voor Ambtenaren en Gelijkgestelden 2025<\/a><\/li>\n<li><a href=\"https:\/\/www.ea.aw\/pages\/wp-content\/uploads\/a\/atv-regeling-2024-Circulaire.pdf\" target=\"_blank\" rel=\"noopener noreferrer\">ATV-dagen voor Ambtenaren en Gelijkgestelden 2024<\/a><\/li>\n<li><a href=\"https:\/\/www.ea.aw\/pages\/wp-content\/uploads\/a\/atv-regeling-2023.pdf\" target=\"_blank\" rel=\"noopener noreferrer\">ATV-dagen voor Ambtenaren en Gelijkgestelden 2023<\/a><\/li>\n<li><a href=\"https:\/\/www.ea.aw\/pages\/wp-content\/uploads\/a\/atv-regeling-2022.pdf\" target=\"_blank\" rel=\"noopener noreferrer\">ATV-dagen voor Ambtenaren en Gelijkgestelden 2022<\/a><\/li>\n<li><a href=\"https:\/\/www.ea.aw\/pages\/wp-content\/uploads\/a\/atv-regeling-2021.pdf\" target=\"_blank\" rel=\"noopener noreferrer\">ATV-dagen voor Ambtenaren en Gelijkgestelden 2021<\/a><\/li>\n<li><a href=\"https:\/\/www.ea.aw\/pages\/wp-content\/uploads\/a\/atv-regeling-2020.pdf\" target=\"_blank\" rel=\"noopener noreferrer\">ATV-dagen voor Ambtenaren en Gelijkgestelden 2020<\/a><\/li>\n<li><a href=\"https:\/\/www.ea.aw\/pages\/wp-content\/uploads\/a\/atv-regeling-2019.pdf\" target=\"_blank\" rel=\"noopener noreferrer\">ATV-dagen voor Ambtenaren en Gelijkgestelden 2019<\/a><\/li>\n<li><a href=\"https:\/\/www.ea.aw\/pages\/wp-content\/uploads\/a\/atv-regeling-2018-2e-cor.pdf\" target=\"_blank\" rel=\"noopener noreferrer\">ATV-dagen voor Ambtenaren en Gelijkgestelden 2018 (2e correctie)<\/a><\/li>\n<li><a href=\"https:\/\/www.ea.aw\/pages\/wp-content\/uploads\/a\/atv-regeling-2017.pdf\" target=\"_blank\" rel=\"noopener noreferrer\">ATV-dagen voor Ambtenaren en Gelijkgestelden 2017<\/a><\/li>\n<li><a href=\"https:\/\/www.ea.aw\/pages\/wp-content\/uploads\/a\/atv-regeling-2016.pdf\" target=\"_blank\" rel=\"noopener noreferrer\">ATV-dagen voor Ambtenaren en Gelijkgestelden 2016<\/a><\/li>\n<\/ul>\n<hr \/>\n<h3><span style=\"color: #333333;\">Info \/ Contact<\/span><\/h3>\n<ul>\n<li><a href=\"https:\/\/www.ea.aw\/pages\/contact\/departamento-di-ensenansa\/\">Departamento di Ense\u00f1ansa Aruba (DEA)<\/a><\/li>\n<\/ul>\n","protected":false},"excerpt":{"rendered":"<p>Vakantie di scol, ATV-dagen y dianan oficial di fiesta Schoolvakantie, ATV-dagen en offici\u00eble feestdagen School holidays, National holidays November 2024<\/p>\n","protected":false},"author":2,"featured_media":0,"comment_status":"closed","ping_status":"closed","sticky":false,"template":"","format":"standard","meta":{"footnotes":""},"categories":[84,88],"tags":[257,90],"class_list":["post-20014","post","type-post","status-publish","format-standard","hentry","category-documents","category-publicaties","tag-atv","tag-vakantie"],"_links":{"self":[{"href":"https:\/\/www.ea.aw\/pages\/wp-json\/wp\/v2\/posts\/20014","targetHints":{"allow":["GET"]}}],"collection":[{"href":"https:\/\/www.ea.aw\/pages\/wp-json\/wp\/v2\/posts"}],"about":[{"href":"https:\/\/www.ea.aw\/pages\/wp-json\/wp\/v2\/types\/post"}],"author":[{"embeddable":true,"href":"https:\/\/www.ea.aw\/pages\/wp-json\/wp\/v2\/users\/2"}],"replies":[{"embeddable":true,"href":"https:\/\/www.ea.aw\/pages\/wp-json\/wp\/v2\/comments?post=20014"}],"version-history":[{"count":69,"href":"https:\/\/www.ea.aw\/pages\/wp-json\/wp\/v2\/posts\/20014\/revisions"}],"predecessor-version":[{"id":36251,"href":"https:\/\/www.ea.aw\/pages\/wp-json\/wp\/v2\/posts\/20014\/revisions\/36251"}],"wp:attachment":[{"href":"https:\/\/www.ea.aw\/pages\/wp-json\/wp\/v2\/media?parent=20014"}],"wp:term":[{"taxonomy":"category","embeddable":true,"href":"https:\/\/www.ea.aw\/pages\/wp-json\/wp\/v2\/categories?post=20014"},{"taxonomy":"post_tag","embeddable":true,"href":"https:\/\/www.ea.aw\/pages\/wp-json\/wp\/v2\/tags?post=20014"}],"curies":[{"name":"wp","href":"https:\/\/api.w.org\/{rel}","templated":true}]}}